{"id":30960,"date":"2026-04-30T12:23:38","date_gmt":"2026-04-30T10:23:38","guid":{"rendered":"https:\/\/www.lorussoimmobiliare.it\/andria\/?post_type=realpress-property&#038;p=30960"},"modified":"2026-04-30T12:23:42","modified_gmt":"2026-04-30T10:23:42","slug":"cod-528-villa-di-nuova-costruzione-zona-anfiteatro-bisceglie","status":"publish","type":"realpress-property","link":"https:\/\/www.lorussoimmobiliare.it\/andria\/immobili\/cod-528-villa-di-nuova-costruzione-zona-anfiteatro-bisceglie\/","title":{"rendered":"Cod. 528 &#8211; Villa di &#8220;NUOVA COSTRUZIONE&#8221; &#8211; Zona Anfiteatro &#8211; Bisceglie &#8211;"},"content":{"rendered":"<p class=\"wp-block-paragraph\" id=\"block-dbe46d87-8dbb-4d5c-99c0-1bb6c327a961\">In prossimit\u00e0 del bellissimo &#8220;LUNGOMARE PATERNOSTRO&#8221; della splendida citt\u00e0 di &#8220;BISCEGLIE&#8221;, sorger\u00e0 un nuovo complesso residenziale che sar\u00e0 costituita da numero 12 unit\u00e0 immobiliari.<\/p><p class=\"wp-block-paragraph\" id=\"block-dbe46d87-8dbb-4d5c-99c0-1bb6c327a961\">Dell&#8217;intero complesso ci saranno ville che avranno l&#8217;accesso indipendente, e ville con l&#8217;accesso condominiale. Saranno costruite su due livelli, e precisamente il piano terra sar\u00e0 utilizzato per la zona giorno, e il primo piano sar\u00e0 utilizzato per la zona notte. Ogni villa avr\u00e0 a disposizione una zona esterna utilizzata come area che sar\u00e0 destinata a giardino privato. Per alcune ville ci potr\u00e0 essere la possibilit\u00e0 di realizzare una piscina privata.<\/p><p class=\"wp-block-paragraph\" id=\"block-dbe46d87-8dbb-4d5c-99c0-1bb6c327a961\">L&#8217;intero complesso, identificher\u00e0 un diverso intervento edilizio che rispetter\u00e0 le caratteristiche del nuovo modo di realizzare relativo al risparmio energetico.<\/p><p class=\"wp-block-paragraph\" id=\"block-9ca64273-6b72-432a-9190-0eec009fd58c\">Il fabbricato sorger\u00e0 in una zona di grande richiesta, perch\u00e8 la sua posizione geografica, \u00e8 molto adatta per chi ama la tranquillit\u00e0, e non il centro cittadino, e soprattutto per chi ama il buon &#8220;SERVIZIO&#8221;.<\/p><p class=\"wp-block-paragraph\" id=\"block-9c0d9c27-a50c-4444-9b7a-3675b5381ec7\">Verr\u00e0 rifinito nel seguente modo, e precisamente:<\/p><p class=\"wp-block-paragraph\" id=\"block-f3dd1a86-a242-4ddb-b811-96801c4a5de3\">per il COMFORT saranno scelti materiali che rappresentano la tecnologia dell\u2019isolamento termico\/acustico, e\u00a0 ciascun elemento, contribuir\u00e0 ad elevare comfort all\u2019interno delle singola unit\u00e0 immobiliari;<\/p><p class=\"wp-block-paragraph\" id=\"block-833b3a3a-a0b1-4a0c-9f61-0a1c701d4771\">per la TECNOLOGIA le singole ville saranno dotate di predisposizione di climatizzazione, allarme e videocitofono; ogni villa sar\u00e0 dotata di impianto di riscaldamento a pavimento e la sua alimentazione sar\u00e0 affiancata da una pompa di calore con alimentazione elettrica; per il resto delle rifiniture, ad ogni promissario acquirente, sar\u00e0 consegnato un disciplinare tecnico, nel quale verranno specificate tutte le rifiniture, a cui ogni unit\u00e0 abitativa, sar\u00e0 rifinita (pavimenti, rivestimenti, accessori bagni, porte interne, apparecchiature elettriche, infissi esterni, etc.);<\/p><p class=\"wp-block-paragraph\" id=\"block-a8467d91-dfa6-4516-9191-c034762fcef0\">per la SICUREZZA ci si sentir\u00e0 sicuri solo erigendo la barriere. Ci sar\u00e0 l\u2019abbattimento delle distanze tra le persone, garantendo i pi\u00f9 alti standard di sicurezza.<\/p><p class=\"wp-block-paragraph\" id=\"block-e2f63e1d-5690-4478-9844-334f808270de\">Le ville saranno di diverse metrature, e consoni alle possibilit\u00e0 di ogni singolo acquirente interessato. Ogni villa sar\u00e0 dotata di un parcheggio auto privato per il parcheggio di due auto. <\/p><p class=\"wp-block-paragraph\" id=\"block-6ca6509d-3c45-4285-91bd-c5cef7665736\">Vista la posizione geografica del complesso residenziale, le ville potranno essere utilizzate sia per il periodo estivo, e sia per il periodo invernale.<\/p><p class=\"wp-block-paragraph\" id=\"block-00481c9e-fcd9-450d-a724-61968b2e2430\">\u201cSI PRECISA CHE PER L\u2019ACQUISTO DI QUESTI APPARTAMENTI LA CONSULENZA DELL\u2019AGENZIA SARA\u2019 GRATUITA&#8221;.<\/p><p class=\"wp-block-paragraph\"><\/p>","protected":false},"excerpt":{"rendered":"<p>In prossimit\u00e0 del bellissimo &#8220;LUNGOMARE PATERNOSTRO&#8221; della splendida citt\u00e0 di &#8220;BISCEGLIE&#8221;, sorger\u00e0 un nuovo complesso [&hellip;]<\/p>\n","protected":false},"author":2,"featured_media":30968,"menu_order":0,"comment_status":"open","ping_status":"closed","template":"","meta":{"content-type":""},"realpress-type":[145],"realpress-location":[128,176],"realpress-feature":[159,130,169,156,110,164,163,155,104,161,120],"realpress-status":[108],"realpress-energy-class":[92],"realpress-label":[166],"class_list":["post-30960","realpress-property","type-realpress-property","status-publish","has-post-thumbnail","hentry","realpress-type-villa-al-mare","realpress-location-bisceglie","realpress-location-zona-salsello-anfiteatro","realpress-feature-fotovoltaico","realpress-feature-giardino","realpress-feature-lastrico-solare","realpress-feature-lavanderia","realpress-feature-piscina","realpress-feature-predisposizione-aria-condizionata","realpress-feature-predisposizione-impianto-di-allarme","realpress-feature-ripostiglio","realpress-feature-impianto-a-pavimento","realpress-feature-terreno-di-pertinenza","realpress-feature-verande","realpress-status-vendita","realpress-energy-class-aa","realpress-label-novita"],"_links":{"self":[{"href":"https:\/\/www.lorussoimmobiliare.it\/andria\/wp-json\/wp\/v2\/realpress-property\/30960","targetHints":{"allow":["GET"]}}],"collection":[{"href":"https:\/\/www.lorussoimmobiliare.it\/andria\/wp-json\/wp\/v2\/realpress-property"}],"about":[{"href":"https:\/\/www.lorussoimmobiliare.it\/andria\/wp-json\/wp\/v2\/types\/realpress-property"}],"author":[{"embeddable":true,"href":"https:\/\/www.lorussoimmobiliare.it\/andria\/wp-json\/wp\/v2\/users\/2"}],"replies":[{"embeddable":true,"href":"https:\/\/www.lorussoimmobiliare.it\/andria\/wp-json\/wp\/v2\/comments?post=30960"}],"wp:featuredmedia":[{"embeddable":true,"href":"https:\/\/www.lorussoimmobiliare.it\/andria\/wp-json\/wp\/v2\/media\/30968"}],"wp:attachment":[{"href":"https:\/\/www.lorussoimmobiliare.it\/andria\/wp-json\/wp\/v2\/media?parent=30960"}],"wp:term":[{"taxonomy":"realpress-type","embeddable":true,"href":"https:\/\/www.lorussoimmobiliare.it\/andria\/wp-json\/wp\/v2\/realpress-type?post=30960"},{"taxonomy":"realpress-location","embeddable":true,"href":"https:\/\/www.lorussoimmobiliare.it\/andria\/wp-json\/wp\/v2\/realpress-location?post=30960"},{"taxonomy":"realpress-feature","embeddable":true,"href":"https:\/\/www.lorussoimmobiliare.it\/andria\/wp-json\/wp\/v2\/realpress-feature?post=30960"},{"taxonomy":"realpress-status","embeddable":true,"href":"https:\/\/www.lorussoimmobiliare.it\/andria\/wp-json\/wp\/v2\/realpress-status?post=30960"},{"taxonomy":"realpress-energy-class","embeddable":true,"href":"https:\/\/www.lorussoimmobiliare.it\/andria\/wp-json\/wp\/v2\/realpress-energy-class?post=30960"},{"taxonomy":"realpress-label","embeddable":true,"href":"https:\/\/www.lorussoimmobiliare.it\/andria\/wp-json\/wp\/v2\/realpress-label?post=30960"}],"curies":[{"name":"wp","href":"https:\/\/api.w.org\/{rel}","templated":true}]}}